{"id":8,"date":"2021-07-15T16:20:00","date_gmt":"2021-07-15T14:20:00","guid":{"rendered":"http:\/\/modernfilosofi.se\/?p=8"},"modified":"2021-08-19T16:24:36","modified_gmt":"2021-08-19T14:24:36","slug":"bredband-via-fiber","status":"publish","type":"post","link":"http:\/\/modernfilosofi.se\/index.php\/2021\/07\/15\/bredband-via-fiber\/","title":{"rendered":"Bredband via fiber"},"content":{"rendered":"<div class=\"entry\">\n\n\n<p>Med fiber bredband f\u00e5r du en signal via optiskt ljus. Detta g\u00f6r det m\u00f6jligt f\u00f6r dig att f\u00e5 h\u00f6ga hastigheter. Dessutom kan du \u00f6verf\u00f6ra stora m\u00e4ngder data. Med bredband via fiber f\u00e5r du samma hastighet f\u00f6r uppladdning som nedladdning. Det inneb\u00e4r allts\u00e5 b\u00e5de n\u00e4r du skickar samt tar emot data.<\/p>\n\n\n\n\n\n<h2 class=\"wp-block-heading\">Vad \u00e4r fiber bredband?<\/h2>\n\n\n\n<p>Sj\u00e4lva fibern \u00e4r tillverkad \u00e4r tunn som ett h\u00e5rstr\u00e5 och tillverkad i glas eller i plats. Det r en optisk fiberkabel som ansluts till en bostad. D\u00e4r kopplas den till en media omvandlare. Mediaomvandlaren omvandlar ljussignaler till elektriska signaler f\u00f6r din bostads uppkopplade enheter ska ha m\u00f6jligheten att kunna te emot information.<\/p>\n\n\n\n<p>Det fungerar p\u00e5 samma s\u00e4tt \u00e5t andra h\u00e5ller n\u00e4r enheterna skicka elektriska signaler som omvandlas till ljussignaler i mediaomvandlaren innan de g\u00e5r ut i fibern och ut p\u00e5 internet.<\/p>\n\n\n\n<h2 class=\"wp-block-heading\">Hur snabbt \u00e4r bredband via fiber?<\/h2>\n\n\n\n<p>Idag \u00e4r fiber den snabbaste och mest framtidss\u00e4kra bredbandsanslutning. Hastigheten kan variera mellan 100 Mbit\/s f\u00f6r Cat5 och upp till 1 000 Mbit\/ s f\u00f6r Cat6. Detta beror p\u00e5 vad det \u00e4r f\u00f6r n\u00e4tverks\u00f6verf\u00f6ring i fastighetsn\u00e4tet samt vilken kategori av kabel som anv\u00e4nds, exempel p\u00e5 kabel \u00e4r Cat5, Cat5e och Cat6.<\/p>\n\n\n\n<p>N\u00e5gra stadsn\u00e4t har lanserat hastigheter p\u00e5 upp till hela 10 000 Mbit\/s men f\u00f6r det beh\u00f6vs det en Cat7 kabel f\u00f6r n\u00e4tverks\u00f6verf\u00f6ringen.<\/p>\n\n\n\n<p>Dock \u00e4r det typiska baspaktet f\u00f6r fiberanslutning ett abonnemang p\u00e5 100 Mbit \/ s. Det finns sj\u00e4lvklart andra abonnemang men detta \u00e4r standard.<\/p>\n\n\n\n<h2 class=\"wp-block-heading\">Tips n\u00e4r du vill ha bredband via fiber<\/h2>\n\n\n\n<p>Fiberdragning inneb\u00e4r vanligtvis ganska h\u00f6ga kostnader. Det \u00e4r d\u00e4rf\u00f6r bra om du ser \u00f6ver vad anslutningen totalt kostnad och om du f\u00e5r n\u00e5gon form av m\u00e5nadsavgift efter att du har anslutits. Detta kan exempelvis vara n\u00e4r- eller serviceavgift.<\/p>\n\n\n\n<p>Bra saker att t\u00e4nka p\u00e5:<\/p>\n\n\n\n<ul class=\"wp-block-list\"><li>Vad kostar anslutningen till fibern\u00e4tet?<\/li><li>N\u00e4r ska kostnaden betalas<\/li><li>Finns det m\u00f6jlighet till avbetalning om behovet finns och i s\u00e5 fall hur ser villkoren f\u00f6r avbetalningen ut?<\/li><li>Vad ing\u00e5r i kostnaden?<\/li><li>Gr\u00e4vs det \u00e4nda fram till din tomt eller m\u00e5ste du kanske gr\u00e4va sj\u00e4lv<\/li><li>\u00c4r priset med eller utan rot- eller rutavdrag?<\/li><\/ul>\n\n\n\n<p>En leverant\u00f6r beh\u00f6ver inte erbjuda rot- och rutavdrag utan det \u00e4r frivilligt. Vill du ha m\u00f6jligheten att anv\u00e4nda dig av rot- eller rutavdrag m\u00e5ste du d\u00e4rf\u00f6r avtala om detta med leverant\u00f6ren. Det \u00e4r \u00e4ven bra att kontrollera med Skatteverket s\u00e5 du har r\u00e4tt till skattereduktion.<\/p>\n\n\n\n<h2 class=\"wp-block-heading\">F\u00f6rdelar med fiber bredband<\/h2>\n\n\n\n<p>Idag \u00e4r <a href=\"https:\/\/www.bredband.one\/\">fiber<\/a> den teknik f\u00f6r fast bredband som levererar h\u00f6gst hastigheter samt \u00e4r mest utbredd. N\u00e5gra f\u00f6rdelar \u00e4r:<\/p>\n\n\n\n<ul class=\"wp-block-list\"><li>Obegr\u00e4nsad data<\/li><li>G\u00e5r via fibern\u00e4tet vilket inneb\u00e4r snabbhet och stabilitet<\/li><li>Fungerar bra om du vill streama<\/li><li>Finns utbrett i landet<\/li><\/ul>\n\n\n\n<p>Tr\u00e5dl\u00f6st internet vill de flesta ha och det kan du f\u00e5 genom att s\u00e4tta upp WiFi i ditt hem med en router. T\u00e4nk dock p\u00e5 att om du vill utnyttja den maximala hastigheten m\u00e5ste du har en tr\u00e5dl\u00f6s router som kan hantera den snabba data\u00f6verf\u00f6ringen.<\/p>\n\n\n<\/div>","protected":false},"excerpt":{"rendered":"<p>Med fiber bredband f\u00e5r du en signal via optiskt ljus. Detta g\u00f6r det m\u00f6jligt f\u00f6r dig att f\u00e5 h\u00f6ga hastigheter. Dessutom kan du \u00f6verf\u00f6ra stora m\u00e4ngder data. Med bredband via fiber f\u00e5r du samma hastighet f\u00f6r uppladdning som nedladdning. Det inneb\u00e4r allts\u00e5 b\u00e5de n\u00e4r du skickar samt tar emot data. Vad \u00e4r fiber bredband? Sj\u00e4lva &#8230;<\/p>\n","protected":false},"author":1,"featured_media":9,"comment_status":"open","ping_status":"open","sticky":false,"template":"","format":"standard","meta":{"_monsterinsights_skip_tracking":false,"_monsterinsights_sitenote_active":false,"_monsterinsights_sitenote_note":"","_monsterinsights_sitenote_category":0,"footnotes":""},"categories":[2],"tags":[],"class_list":{"0":"post-8","1":"post","2":"type-post","3":"status-publish","4":"format-standard","5":"has-post-thumbnail","7":"category-blogg","8":"anons"},"yoast_head":"<!-- This site is optimized with the Yoast SEO plugin v16.9 - https:\/\/yoast.com\/wordpress\/plugins\/seo\/ -->\n<title>Bredband via fiber - Modern filosofi<\/title>\n<meta name=\"robots\" content=\"index, follow, max-snippet:-1, max-image-preview:large, max-video-preview:-1\" \/>\n<link rel=\"canonical\" href=\"http:\/\/modernfilosofi.se\/index.php\/2021\/07\/15\/bredband-via-fiber\/\" \/>\n<meta property=\"og:locale\" content=\"en_US\" \/>\n<meta property=\"og:type\" content=\"article\" \/>\n<meta property=\"og:title\" content=\"Bredband via fiber - Modern filosofi\" \/>\n<meta property=\"og:description\" content=\"Med fiber bredband f\u00e5r du en signal via optiskt ljus. Detta g\u00f6r det m\u00f6jligt f\u00f6r dig att f\u00e5 h\u00f6ga hastigheter. Dessutom kan du \u00f6verf\u00f6ra stora m\u00e4ngder data. Med bredband via fiber f\u00e5r du samma hastighet f\u00f6r uppladdning som nedladdning. Det inneb\u00e4r allts\u00e5 b\u00e5de n\u00e4r du skickar samt tar emot data. Vad \u00e4r fiber bredband? Sj\u00e4lva ...\" \/>\n<meta property=\"og:url\" content=\"http:\/\/modernfilosofi.se\/index.php\/2021\/07\/15\/bredband-via-fiber\/\" \/>\n<meta property=\"og:site_name\" content=\"Modern filosofi\" \/>\n<meta property=\"article:published_time\" content=\"2021-07-15T14:20:00+00:00\" \/>\n<meta property=\"article:modified_time\" content=\"2021-08-19T14:24:36+00:00\" \/>\n<meta property=\"og:image\" content=\"http:\/\/modernfilosofi.se\/wp-content\/uploads\/2021\/08\/connection1.png\" \/>\n\t<meta property=\"og:image:width\" content=\"512\" \/>\n\t<meta property=\"og:image:height\" content=\"512\" \/>\n<meta name=\"twitter:card\" content=\"summary_large_image\" \/>\n<meta name=\"twitter:label1\" content=\"Written by\" \/>\n\t<meta name=\"twitter:data1\" content=\"modernfilosofi\" \/>\n\t<meta name=\"twitter:label2\" content=\"Est. reading time\" \/>\n\t<meta name=\"twitter:data2\" content=\"3 minutes\" \/>\n<script type=\"application\/ld+json\" class=\"yoast-schema-graph\">{\"@context\":\"https:\/\/schema.org\",\"@graph\":[{\"@type\":\"WebSite\",\"@id\":\"https:\/\/modernfilosofi.se\/#website\",\"url\":\"https:\/\/modernfilosofi.se\/\",\"name\":\"Modern filosofi\",\"description\":\"Skriver om det mesta\",\"potentialAction\":[{\"@type\":\"SearchAction\",\"target\":{\"@type\":\"EntryPoint\",\"urlTemplate\":\"https:\/\/modernfilosofi.se\/?s={search_term_string}\"},\"query-input\":\"required name=search_term_string\"}],\"inLanguage\":\"en-US\"},{\"@type\":\"ImageObject\",\"@id\":\"http:\/\/modernfilosofi.se\/index.php\/2021\/07\/15\/bredband-via-fiber\/#primaryimage\",\"inLanguage\":\"en-US\",\"url\":\"http:\/\/modernfilosofi.se\/wp-content\/uploads\/2021\/08\/connection1.png\",\"contentUrl\":\"http:\/\/modernfilosofi.se\/wp-content\/uploads\/2021\/08\/connection1.png\",\"width\":512,\"height\":512},{\"@type\":\"WebPage\",\"@id\":\"http:\/\/modernfilosofi.se\/index.php\/2021\/07\/15\/bredband-via-fiber\/#webpage\",\"url\":\"http:\/\/modernfilosofi.se\/index.php\/2021\/07\/15\/bredband-via-fiber\/\",\"name\":\"Bredband via fiber - Modern filosofi\",\"isPartOf\":{\"@id\":\"https:\/\/modernfilosofi.se\/#website\"},\"primaryImageOfPage\":{\"@id\":\"http:\/\/modernfilosofi.se\/index.php\/2021\/07\/15\/bredband-via-fiber\/#primaryimage\"},\"datePublished\":\"2021-07-15T14:20:00+00:00\",\"dateModified\":\"2021-08-19T14:24:36+00:00\",\"author\":{\"@id\":\"https:\/\/modernfilosofi.se\/#\/schema\/person\/27769f906e93138759655e1657e466a3\"},\"breadcrumb\":{\"@id\":\"http:\/\/modernfilosofi.se\/index.php\/2021\/07\/15\/bredband-via-fiber\/#breadcrumb\"},\"inLanguage\":\"en-US\",\"potentialAction\":[{\"@type\":\"ReadAction\",\"target\":[\"http:\/\/modernfilosofi.se\/index.php\/2021\/07\/15\/bredband-via-fiber\/\"]}]},{\"@type\":\"BreadcrumbList\",\"@id\":\"http:\/\/modernfilosofi.se\/index.php\/2021\/07\/15\/bredband-via-fiber\/#breadcrumb\",\"itemListElement\":[{\"@type\":\"ListItem\",\"position\":1,\"name\":\"Hem\",\"item\":\"https:\/\/modernfilosofi.se\/\"},{\"@type\":\"ListItem\",\"position\":2,\"name\":\"Bredband via fiber\"}]},{\"@type\":\"Person\",\"@id\":\"https:\/\/modernfilosofi.se\/#\/schema\/person\/27769f906e93138759655e1657e466a3\",\"name\":\"modernfilosofi\",\"image\":{\"@type\":\"ImageObject\",\"@id\":\"https:\/\/modernfilosofi.se\/#personlogo\",\"inLanguage\":\"en-US\",\"url\":\"https:\/\/secure.gravatar.com\/avatar\/74a35ce9b4df2e2ad0437691c150e5e4ad24c09ce8e9d2f7396ceed29f5b7b64?s=96&d=mm&r=g\",\"contentUrl\":\"https:\/\/secure.gravatar.com\/avatar\/74a35ce9b4df2e2ad0437691c150e5e4ad24c09ce8e9d2f7396ceed29f5b7b64?s=96&d=mm&r=g\",\"caption\":\"modernfilosofi\"},\"sameAs\":[\"http:\/\/modernfilosofi.se\"],\"url\":\"http:\/\/modernfilosofi.se\/index.php\/author\/modernfilosofi\/\"}]}<\/script>\n<!-- \/ Yoast SEO plugin. -->","yoast_head_json":{"title":"Bredband via fiber - Modern filosofi","robots":{"index":"index","follow":"follow","max-snippet":"max-snippet:-1","max-image-preview":"max-image-preview:large","max-video-preview":"max-video-preview:-1"},"canonical":"http:\/\/modernfilosofi.se\/index.php\/2021\/07\/15\/bredband-via-fiber\/","og_locale":"en_US","og_type":"article","og_title":"Bredband via fiber - Modern filosofi","og_description":"Med fiber bredband f\u00e5r du en signal via optiskt ljus. Detta g\u00f6r det m\u00f6jligt f\u00f6r dig att f\u00e5 h\u00f6ga hastigheter. Dessutom kan du \u00f6verf\u00f6ra stora m\u00e4ngder data. Med bredband via fiber f\u00e5r du samma hastighet f\u00f6r uppladdning som nedladdning. Det inneb\u00e4r allts\u00e5 b\u00e5de n\u00e4r du skickar samt tar emot data. Vad \u00e4r fiber bredband? Sj\u00e4lva ...","og_url":"http:\/\/modernfilosofi.se\/index.php\/2021\/07\/15\/bredband-via-fiber\/","og_site_name":"Modern filosofi","article_published_time":"2021-07-15T14:20:00+00:00","article_modified_time":"2021-08-19T14:24:36+00:00","og_image":[{"width":512,"height":512,"url":"http:\/\/modernfilosofi.se\/wp-content\/uploads\/2021\/08\/connection1.png","path":"\/home\/u656245800\/domains\/modernfilosofi.se\/public_html\/wp-content\/uploads\/2021\/08\/connection1.png","size":"full","id":9,"alt":"","pixels":262144,"type":"image\/png"}],"twitter_card":"summary_large_image","twitter_misc":{"Written by":"modernfilosofi","Est. reading time":"3 minutes"},"schema":{"@context":"https:\/\/schema.org","@graph":[{"@type":"WebSite","@id":"https:\/\/modernfilosofi.se\/#website","url":"https:\/\/modernfilosofi.se\/","name":"Modern filosofi","description":"Skriver om det mesta","potentialAction":[{"@type":"SearchAction","target":{"@type":"EntryPoint","urlTemplate":"https:\/\/modernfilosofi.se\/?s={search_term_string}"},"query-input":"required name=search_term_string"}],"inLanguage":"en-US"},{"@type":"ImageObject","@id":"http:\/\/modernfilosofi.se\/index.php\/2021\/07\/15\/bredband-via-fiber\/#primaryimage","inLanguage":"en-US","url":"http:\/\/modernfilosofi.se\/wp-content\/uploads\/2021\/08\/connection1.png","contentUrl":"http:\/\/modernfilosofi.se\/wp-content\/uploads\/2021\/08\/connection1.png","width":512,"height":512},{"@type":"WebPage","@id":"http:\/\/modernfilosofi.se\/index.php\/2021\/07\/15\/bredband-via-fiber\/#webpage","url":"http:\/\/modernfilosofi.se\/index.php\/2021\/07\/15\/bredband-via-fiber\/","name":"Bredband via fiber - Modern filosofi","isPartOf":{"@id":"https:\/\/modernfilosofi.se\/#website"},"primaryImageOfPage":{"@id":"http:\/\/modernfilosofi.se\/index.php\/2021\/07\/15\/bredband-via-fiber\/#primaryimage"},"datePublished":"2021-07-15T14:20:00+00:00","dateModified":"2021-08-19T14:24:36+00:00","author":{"@id":"https:\/\/modernfilosofi.se\/#\/schema\/person\/27769f906e93138759655e1657e466a3"},"breadcrumb":{"@id":"http:\/\/modernfilosofi.se\/index.php\/2021\/07\/15\/bredband-via-fiber\/#breadcrumb"},"inLanguage":"en-US","potentialAction":[{"@type":"ReadAction","target":["http:\/\/modernfilosofi.se\/index.php\/2021\/07\/15\/bredband-via-fiber\/"]}]},{"@type":"BreadcrumbList","@id":"http:\/\/modernfilosofi.se\/index.php\/2021\/07\/15\/bredband-via-fiber\/#breadcrumb","itemListElement":[{"@type":"ListItem","position":1,"name":"Hem","item":"https:\/\/modernfilosofi.se\/"},{"@type":"ListItem","position":2,"name":"Bredband via fiber"}]},{"@type":"Person","@id":"https:\/\/modernfilosofi.se\/#\/schema\/person\/27769f906e93138759655e1657e466a3","name":"modernfilosofi","image":{"@type":"ImageObject","@id":"https:\/\/modernfilosofi.se\/#personlogo","inLanguage":"en-US","url":"https:\/\/secure.gravatar.com\/avatar\/74a35ce9b4df2e2ad0437691c150e5e4ad24c09ce8e9d2f7396ceed29f5b7b64?s=96&d=mm&r=g","contentUrl":"https:\/\/secure.gravatar.com\/avatar\/74a35ce9b4df2e2ad0437691c150e5e4ad24c09ce8e9d2f7396ceed29f5b7b64?s=96&d=mm&r=g","caption":"modernfilosofi"},"sameAs":["http:\/\/modernfilosofi.se"],"url":"http:\/\/modernfilosofi.se\/index.php\/author\/modernfilosofi\/"}]}},"_links":{"self":[{"href":"http:\/\/modernfilosofi.se\/index.php\/wp-json\/wp\/v2\/posts\/8","targetHints":{"allow":["GET"]}}],"collection":[{"href":"http:\/\/modernfilosofi.se\/index.php\/wp-json\/wp\/v2\/posts"}],"about":[{"href":"http:\/\/modernfilosofi.se\/index.php\/wp-json\/wp\/v2\/types\/post"}],"author":[{"embeddable":true,"href":"http:\/\/modernfilosofi.se\/index.php\/wp-json\/wp\/v2\/users\/1"}],"replies":[{"embeddable":true,"href":"http:\/\/modernfilosofi.se\/index.php\/wp-json\/wp\/v2\/comments?post=8"}],"version-history":[{"count":1,"href":"http:\/\/modernfilosofi.se\/index.php\/wp-json\/wp\/v2\/posts\/8\/revisions"}],"predecessor-version":[{"id":10,"href":"http:\/\/modernfilosofi.se\/index.php\/wp-json\/wp\/v2\/posts\/8\/revisions\/10"}],"wp:featuredmedia":[{"embeddable":true,"href":"http:\/\/modernfilosofi.se\/index.php\/wp-json\/wp\/v2\/media\/9"}],"wp:attachment":[{"href":"http:\/\/modernfilosofi.se\/index.php\/wp-json\/wp\/v2\/media?parent=8"}],"wp:term":[{"taxonomy":"category","embeddable":true,"href":"http:\/\/modernfilosofi.se\/index.php\/wp-json\/wp\/v2\/categories?post=8"},{"taxonomy":"post_tag","embeddable":true,"href":"http:\/\/modernfilosofi.se\/index.php\/wp-json\/wp\/v2\/tags?post=8"}],"curies":[{"name":"wp","href":"https:\/\/api.w.org\/{rel}","templated":true}]}}